{"id":2880,"date":"2025-10-09T12:05:39","date_gmt":"2025-10-09T09:05:39","guid":{"rendered":"https:\/\/www.halaman.com\/uncategorized-tr\/halaman-at-fachpack-2025.html"},"modified":"2025-10-09T13:59:05","modified_gmt":"2025-10-09T10:59:05","slug":"halaman-at-fachpack-2025","status":"publish","type":"post","link":"https:\/\/www.halaman.com\/tr\/blog-haberler\/halaman-at-fachpack-2025.html","title":{"rendered":"Halaman Fachpack 2025&#8217;te"},"content":{"rendered":"<p data-start=\"165\" data-end=\"539\">Avrupa\u2019n\u0131n \u00f6nde gelen ambalaj fuarlar\u0131ndan biri olan <strong data-start=\"218\" data-end=\"235\">Fachpack 2025<\/strong>&#8216;i \u00a0ba\u015far\u0131yla geride b\u0131rakt\u0131\u011f\u0131m\u0131z\u0131 sizlerle payla\u015fmaktan b\u00fcy\u00fck mutluluk duyuyoruz. Halaman Matbaac\u0131l\u0131k ve Ambalaj San. A.\u015e. i\u00e7in olduk\u00e7a verimli ge\u00e7en bu fuarda, en son yeniliklerimizi sergiledik ve sekt\u00f6r\u00fcn \u00f6nde gelen isimleriyle bir araya geldik. S\u00fcrd\u00fcr\u00fclebilir, premium ambalaj alan\u0131nda \u00f6nc\u00fc rol\u00fcm\u00fcz\u00fc bir kez daha m\u00fc\u015fterilerimiz ve ziyaret\u00e7ilerimizle payla\u015ft\u0131k.<\/p>\n<h3 data-start=\"546\" data-end=\"589\">Stand\u0131m\u0131zdaki \u00d6ne \u00c7\u0131kanlar ve Yenilikler<\/h3>\n<p data-start=\"591\" data-end=\"714\">Ziyaret\u00e7iler, Halaman\u2019\u0131n estetik ile sorumlulu\u011fu nas\u0131l bir araya getirdi\u011fini yerinde deneyimledi. \u00d6ne \u00e7\u0131kan baz\u0131 ba\u015fl\u0131klar \u015funlard\u0131:<\/p>\n<ul>\n<li data-start=\"716\" data-end=\"865\"><strong data-start=\"716\" data-end=\"743\">\u00c7evre dostu malzemeler:<\/strong> Kaliteden \u00f6d\u00fcn vermeden \u00e7evresel ayak izini azaltmak i\u00e7in tasarlanm\u0131\u015f yeni k\u00e2\u011f\u0131t, karton ve mukavva t\u00fcrlerini tan\u0131tt\u0131k.<\/li>\n<li data-start=\"867\" data-end=\"1108\"><strong data-start=\"867\" data-end=\"903\">Geli\u015fmi\u015f sonland\u0131rma teknikleri:<\/strong> Varak bask\u0131, gofre ve ters gofre (embossing &amp; debossing), soft-touch laminasyonlar ve spot UV efektleri gibi uygulamalarla, ambalaj\u0131n nas\u0131l bir markaya premium bir deneyim kazand\u0131rabilece\u011fini g\u00f6sterdik.<\/li>\n<li data-start=\"1110\" data-end=\"1356\"><strong data-start=\"1110\" data-end=\"1151\">Ak\u0131ll\u0131 dijital ve ofset entegrasyonu:<\/strong> Dijital bask\u0131n\u0131n esnekli\u011fini ofset bask\u0131n\u0131n tutarl\u0131l\u0131\u011f\u0131yla birle\u015ftirme konusundaki uzmanl\u0131\u011f\u0131m\u0131z \u00f6ne \u00e7\u0131kt\u0131 \u2014 bu sayede hem ki\u015fiselle\u015ftirilmi\u015f k\u0131sa tirajlar hem de y\u00fcksek hacimli \u00fcretim m\u00fcmk\u00fcn hale geldi.<\/li>\n<li data-start=\"1358\" data-end=\"1544\"><strong data-start=\"1358\" data-end=\"1376\">\u00d6zel \u00e7\u00f6z\u00fcmler:<\/strong> Kozmetik, g\u0131da ve l\u00fcks sekt\u00f6rlerdeki m\u00fc\u015fterilerimiz i\u00e7in tasar\u0131m, i\u015flevsellik ve s\u00fcrd\u00fcr\u00fclebilirli\u011fi bir arada sunan \u00f6zel ambalaj konseptleri geli\u015ftirdik.<\/li>\n<\/ul>\n<h3 data-start=\"1572\" data-end=\"1912\">Sekt\u00f6rle Bulu\u015fma<\/h3>\n<p data-start=\"1572\" data-end=\"1912\">Fachpack, anlaml\u0131 etkile\u015fimler i\u00e7in de\u011ferli bir platform sundu. Marka sahipleri, ambalaj tasar\u0131mc\u0131lar\u0131, malzeme tedarik\u00e7ileri ve di\u011fer bask\u0131 &amp; ambalaj profesyonelleriyle bilgi al\u0131\u015fveri\u015finde bulundu. \u0130lgi ve geri bildirimler son derece olumluydu. Firmalar, yenilik\u00e7ili\u011fi operasyonel ger\u00e7ek\u00e7ilikle dengeleyebilme yetene\u011fimizi takdir etti.<\/p>\n<p data-start=\"1914\" data-end=\"2189\">Pek \u00e7ok ziyaret\u00e7i i\u00e7in, bir ambalaj \u00fcreticisinin hem ileri teknolojili hem de \u00e7evreye duyarl\u0131 olabilece\u011fini g\u00f6rmek ilham vericiydi. G\u00f6r\u00fc\u015fmelerimiz, ambalaj sekt\u00f6r\u00fcn\u00fcn gelece\u011finin <strong data-start=\"2093\" data-end=\"2152\">uyarlanabilir, s\u00fcrd\u00fcr\u00fclebilir ve kalite odakl\u0131 \u00e7\u00f6z\u00fcmler<\/strong>de yatt\u0131\u011f\u0131n\u0131 bir kez daha g\u00f6sterdi.<\/p>\n<p data-start=\"2191\" data-end=\"2354\">Fachpack\u2019ten kazand\u0131\u011f\u0131m\u0131z bu ivmeyi yeni projelerimize ve i\u015f birliklerimize ta\u015f\u0131maya devam edece\u011fiz.<\/p>\n<p data-start=\"2191\" data-end=\"2354\">Takipte kal\u0131n. Halaman\u2019dan yak\u0131nda \u00e7ok daha fazlas\u0131n\u0131 g\u00f6receksiniz!<\/p>\n<p data-start=\"2356\" data-end=\"2474\">\ud83c\udfa5 <strong><em>A\u015fa\u011f\u0131daki g\u00f6rsele t\u0131klayarak Fachpack 2025\u2019teki enerjiyi ve yenilikleri anlatan resmi videomuzu izleyebilirsiniz.<\/em><\/strong><\/p>\n<p data-start=\"2603\" data-end=\"2707\"><a href=\"https:\/\/youtu.be\/2m4DzM6GZ28?si=xaqr9X8s0x2I2H65\"><img decoding=\"async\" class=\"alignnone wp-image-2871 size-full\" src=\"https:\/\/www.halaman.com\/content\/uploads\/2025\/10\/Fachpack2025Thumbnail.jpg\" alt=\"\" width=\"2440\" height=\"1372\" \/ loading=\"lazy\" srcset=\"https:\/\/www.halaman.com\/content\/uploads\/2025\/10\/Fachpack2025Thumbnail.jpg 2440w, https:\/\/www.halaman.com\/content\/uploads\/2025\/10\/Fachpack2025Thumbnail-300x169.jpg 300w, https:\/\/www.halaman.com\/content\/uploads\/2025\/10\/Fachpack2025Thumbnail-1024x576.jpg 1024w, https:\/\/www.halaman.com\/content\/uploads\/2025\/10\/Fachpack2025Thumbnail-768x432.jpg 768w, https:\/\/www.halaman.com\/content\/uploads\/2025\/10\/Fachpack2025Thumbnail-1536x864.jpg 1536w, https:\/\/www.halaman.com\/content\/uploads\/2025\/10\/Fachpack2025Thumbnail-2048x1152.jpg 2048w\" sizes=\"(max-width: 2440px) 100vw, 2440px\" \/><\/a><\/p>\n","protected":false},"excerpt":{"rendered":"<p>Avrupa\u2019n\u0131n \u00f6nde gelen ambalaj fuarlar\u0131ndan biri olan Fachpack 2025&#8216;i \u00a0ba\u015far\u0131yla geride b\u0131rakt\u0131\u011f\u0131m\u0131z\u0131 sizlerle payla\u015fmaktan b\u00fcy\u00fck mutluluk duyuyoruz. Halaman Matbaac\u0131l\u0131k ve Ambalaj San. A.\u015e. i\u00e7in olduk\u00e7a verimli ge\u00e7en bu fuarda, en son yeniliklerimizi sergiledik ve sekt\u00f6r\u00fcn \u00f6nde gelen isimleriyle bir araya geldik. S\u00fcrd\u00fcr\u00fclebilir, premium ambalaj alan\u0131nda \u00f6nc\u00fc rol\u00fcm\u00fcz\u00fc bir kez daha m\u00fc\u015fterilerimiz ve ziyaret\u00e7ilerimizle payla\u015ft\u0131k. Stand\u0131m\u0131zdaki &hellip; <a href=\"https:\/\/www.halaman.com\/tr\/blog-haberler\/halaman-at-fachpack-2025.html\" class=\"more-link\">Continue reading <span class=\"screen-reader-text\">Halaman Fachpack 2025&#8217;te<\/span><\/a><\/p>\n","protected":false},"author":2049,"featured_media":2876,"comment_status":"open","ping_status":"open","sticky":false,"template":"","format":"standard","meta":{"_acf_changed":false,"footnotes":""},"categories":[4,22],"tags":[26,75,384,554,562,559,213,14,560,557,246,558,25,216,440,561,217,211,269],"class_list":["post-2880","post","type-post","status-publish","format-standard","has-post-thumbnail","hentry","category-blog-haberler","category-halaman-blog","tag-ambalaj","tag-brc-tr","tag-dijital-baski","tag-fachpack-tr","tag-fsc-tr","tag-gida-kutusu","tag-gofre","tag-halaman","tag-ilac-kutusu","tag-karton-kutu","tag-lueks-ambalaj","tag-luks-kutu","tag-matbaacilik","tag-ofset-baski","tag-parfum-kutusu","tag-sedex","tag-serigraf-baski","tag-sicak-yaldiz","tag-suerdueruelebilir-ambalaj"],"acf":[],"_links":{"self":[{"href":"https:\/\/www.halaman.com\/tr\/wp-json\/wp\/v2\/posts\/2880","targetHints":{"allow":["GET"]}}],"collection":[{"href":"https:\/\/www.halaman.com\/tr\/wp-json\/wp\/v2\/posts"}],"about":[{"href":"https:\/\/www.halaman.com\/tr\/wp-json\/wp\/v2\/types\/post"}],"author":[{"embeddable":true,"href":"https:\/\/www.halaman.com\/tr\/wp-json\/wp\/v2\/users\/2049"}],"replies":[{"embeddable":true,"href":"https:\/\/www.halaman.com\/tr\/wp-json\/wp\/v2\/comments?post=2880"}],"version-history":[{"count":0,"href":"https:\/\/www.halaman.com\/tr\/wp-json\/wp\/v2\/posts\/2880\/revisions"}],"wp:featuredmedia":[{"embeddable":true,"href":"https:\/\/www.halaman.com\/tr\/wp-json\/wp\/v2\/media\/2876"}],"wp:attachment":[{"href":"https:\/\/www.halaman.com\/tr\/wp-json\/wp\/v2\/media?parent=2880"}],"wp:term":[{"taxonomy":"category","embeddable":true,"href":"https:\/\/www.halaman.com\/tr\/wp-json\/wp\/v2\/categories?post=2880"},{"taxonomy":"post_tag","embeddable":true,"href":"https:\/\/www.halaman.com\/tr\/wp-json\/wp\/v2\/tags?post=2880"}],"curies":[{"name":"wp","href":"https:\/\/api.w.org\/{rel}","templated":true}]}}